{"id":16693,"date":"2026-09-02T13:30:22","date_gmt":"2026-09-02T11:30:22","guid":{"rendered":"https:\/\/lcbruehl.ch\/cms\/?p=16693"},"modified":"2026-09-02T13:45:39","modified_gmt":"2026-09-02T11:45:39","slug":"lc-bruehl-handball-verstaerkt-den-rueckraum-mit-jelena-knezevic","status":"publish","type":"post","link":"https:\/\/lcbruehl.ch\/cms\/lc-bruehl-handball-verstaerkt-den-rueckraum-mit-jelena-knezevic\/","title":{"rendered":"LC Br\u00fchl Handball verst\u00e4rkt den R\u00fcckraum mit Jelena Kne\u017eevi\u0107"},"content":{"rendered":"<p class=\"isSelectedEnd\">Der LC Br\u00fchl Handball verst\u00e4rkt sich mit der serbischen R\u00fcckraumspielerin Jelena Kne\u017eevi\u0107. Mit der 28-J\u00e4hrigen gewinnen wir eine international erfahrene Spielerin, die unserem Team zus\u00e4tzliche Qualit\u00e4t, Physis und F\u00fchrungsst\u00e4rke verleihen wird.<\/p>\n<p class=\"isSelectedEnd\">Mit Jelena Kne\u017eevi\u0107 d\u00fcrfen wir eine erfahrene R\u00fcckraumspielerin beim LC Br\u00fchl Handball willkommen heissen. Die 1,84 Meter grosse Rechtsh\u00e4nderin ist vorwiegend auf der Position R\u00fcckraum links zuhause und bringt neben ihren handballerischen Qualit\u00e4ten viel internationale Erfahrung mit nach St.Gallen.<\/p>\n<p class=\"isSelectedEnd\">Zuletzt stand Kne\u017eevi\u0107 beim polnischen Verein PR Koszalin unter Vertrag. Mit dem slowakischen Verein MKS IUVENTA Michalovce war sie auch auf europ\u00e4ischer B\u00fchne im Einsatz und erzielte in der Saison 2024\/25 im EHF European Cup elf Treffer. Zuvor sammelte sie unter anderem mit SPD Radni\u010dki Kragujevac Erfahrung in der EHF European League.<\/p>\n<p class=\"isSelectedEnd\">F\u00fcr Jelena waren bei ihrer Entscheidung f\u00fcr den LC Br\u00fchl Handball insbesondere die Professionalit\u00e4t, die Tradition unseres Vereins sowie die sportlichen Entwicklungsm\u00f6glichkeiten ausschlaggebend.<\/p>\n<p class=\"isSelectedEnd\"><strong>Jelena Kne\u017eevi\u0107:<\/strong><br \/>\n\u00abIch habe mich f\u00fcr den LC Br\u00fchl Handball entschieden, vor allem wegen der Professionalit\u00e4t, der grossen Tradition und der M\u00f6glichkeit, bei einem so renommierten Verein Neues zu lernen und mich als Spielerin weiterzuentwickeln.\u00bb<\/p>\n<p class=\"isSelectedEnd\">Wir sind \u00fcberzeugt, dass Jelena mit ihrer Pers\u00f6nlichkeit und ihrer grossen Erfahrung eine wertvolle Verst\u00e4rkung f\u00fcr unsere Mannschaft sein wird. Neben ihren Qualit\u00e4ten auf dem Spielfeld bringt sie genau jene Mentalit\u00e4t und F\u00fchrungsst\u00e4rke mit, die wir f\u00fcr unseren R\u00fcckraum gesucht haben.<\/p>\n<p class=\"isSelectedEnd\"><strong>Raphael Kramer (Cheftrainer):<\/strong><br \/>\n\u00abWir haben mit Jelena einen Menschen gefunden, der genau in unser gesuchtes Profil passt. Mit ihrer Mentalit\u00e4t, Energie, ihrem Leadership sowie nat\u00fcrlich ihrer handballerischen Klasse und Erfahrung wird sie unser Team nochmals verbessern. Es ist grossartig, dass sie sich f\u00fcr unser Projekt entschieden hat. Herzlich willkommen, Jelena!\u00bb<\/p>\n<p class=\"isSelectedEnd\">Mit der Verpflichtung von Jelena Kne\u017eevi\u0107 erg\u00e4nzen wir unseren R\u00fcckraum gezielt um eine erfahrene und vielseitige Spielerin. Wir freuen uns sehr, Jelena ab sofort in unseren Reihen zu haben und gemeinsam mit ihr die kommenden Herausforderungen anzugehen.<\/p>\n<p><strong>Herzlich willkommen beim LC Br\u00fchl Handball, Jelena!<\/strong><\/p>\n","protected":false},"excerpt":{"rendered":"<p>Der LC Br\u00fchl Handball verst\u00e4rkt sich mit der serbischen R\u00fcckraumspielerin Jelena Kne\u017eevi\u0107. Mit der 28-J\u00e4hrigen gewinnen wir eine international erfahrene [&hellip;]<\/p>\n","protected":false},"author":2,"featured_media":16694,"comment_status":"closed","ping_status":"closed","sticky":true,"template":"","format":"standard","meta":{"rs_blank_template":"","rs_page_bg_color":"","slide_template_v7":"","_jetpack_newsletter_access":"","_jetpack_dont_email_post_to_subs":false,"_jetpack_newsletter_tier_id":0,"_jetpack_memberships_contains_paywalled_content":false,"_jetpack_memberships_contains_paid_content":false,"footnotes":""},"categories":[1],"tags":[],"class_list":["post-16693","post","type-post","status-publish","format-standard","has-post-thumbnail","hentry","category-allgemein"],"yoast_head":"<!-- This site is optimized with the Yoast SEO plugin v28.0 - https:\/\/yoast.com\/product\/yoast-seo-wordpress\/ -->\n<title>LC Br\u00fchl Handball verst\u00e4rkt den R\u00fcckraum mit Jelena Kne\u017eevi\u0107 - LC Br\u00fchl Handball<\/title>\n<meta name=\"robots\" content=\"index, follow, max-snippet:-1, max-image-preview:large, max-video-preview:-1\" \/>\n<link rel=\"canonical\" href=\"https:\/\/lcbruehl.ch\/cms\/lc-bruehl-handball-verstaerkt-den-rueckraum-mit-jelena-knezevic\/\" \/>\n<meta property=\"og:locale\" content=\"de_DE\" \/>\n<meta property=\"og:type\" content=\"article\" \/>\n<meta property=\"og:title\" content=\"LC Br\u00fchl Handball verst\u00e4rkt den R\u00fcckraum mit Jelena Kne\u017eevi\u0107 - LC Br\u00fchl Handball\" \/>\n<meta property=\"og:description\" content=\"Der LC Br\u00fchl Handball verst\u00e4rkt sich mit der serbischen R\u00fcckraumspielerin Jelena Kne\u017eevi\u0107. Mit der 28-J\u00e4hrigen gewinnen wir eine international erfahrene [&hellip;]\" \/>\n<meta property=\"og:url\" content=\"https:\/\/lcbruehl.ch\/cms\/lc-bruehl-handball-verstaerkt-den-rueckraum-mit-jelena-knezevic\/\" \/>\n<meta property=\"og:site_name\" content=\"LC Br\u00fchl Handball\" \/>\n<meta property=\"article:publisher\" content=\"https:\/\/www.facebook.com\/lcbruehl\" \/>\n<meta property=\"article:published_time\" content=\"2026-09-02T11:30:22+00:00\" \/>\n<meta property=\"article:modified_time\" content=\"2026-09-02T11:45:39+00:00\" \/>\n<meta property=\"og:image\" content=\"https:\/\/lcbruehl.ch\/cms\/wp-content\/uploads\/WhatsApp-Image-2026-09-02-at-13.29.32.jpeg\" \/>\n\t<meta property=\"og:image:width\" content=\"2048\" \/>\n\t<meta property=\"og:image:height\" content=\"1365\" \/>\n\t<meta property=\"og:image:type\" content=\"image\/jpeg\" \/>\n<meta name=\"author\" content=\"medienLCB\" \/>\n<meta name=\"twitter:card\" content=\"summary_large_image\" \/>\n<meta name=\"twitter:label1\" content=\"Geschrieben von\" \/>\n\t<meta name=\"twitter:data1\" content=\"medienLCB\" \/>\n\t<meta name=\"twitter:label2\" content=\"Gesch\u00e4tzte Lesezeit\" \/>\n\t<meta name=\"twitter:data2\" content=\"2\u00a0Minuten\" \/>\n<script type=\"application\/ld+json\" class=\"yoast-schema-graph\">{\"@context\":\"https:\\\/\\\/schema.org\",\"@graph\":[{\"@type\":\"Article\",\"@id\":\"https:\\\/\\\/lcbruehl.ch\\\/cms\\\/lc-bruehl-handball-verstaerkt-den-rueckraum-mit-jelena-knezevic\\\/#article\",\"isPartOf\":{\"@id\":\"https:\\\/\\\/lcbruehl.ch\\\/cms\\\/lc-bruehl-handball-verstaerkt-den-rueckraum-mit-jelena-knezevic\\\/\"},\"author\":{\"name\":\"medienLCB\",\"@id\":\"https:\\\/\\\/lcbruehl.ch\\\/cms\\\/#\\\/schema\\\/person\\\/26b406ee418fb797c3a76bc2fbdb7812\"},\"headline\":\"LC Br\u00fchl Handball verst\u00e4rkt den R\u00fcckraum mit Jelena Kne\u017eevi\u0107\",\"datePublished\":\"2026-09-02T11:30:22+00:00\",\"dateModified\":\"2026-09-02T11:45:39+00:00\",\"mainEntityOfPage\":{\"@id\":\"https:\\\/\\\/lcbruehl.ch\\\/cms\\\/lc-bruehl-handball-verstaerkt-den-rueckraum-mit-jelena-knezevic\\\/\"},\"wordCount\":373,\"publisher\":{\"@id\":\"https:\\\/\\\/lcbruehl.ch\\\/cms\\\/#organization\"},\"image\":{\"@id\":\"https:\\\/\\\/lcbruehl.ch\\\/cms\\\/lc-bruehl-handball-verstaerkt-den-rueckraum-mit-jelena-knezevic\\\/#primaryimage\"},\"thumbnailUrl\":\"https:\\\/\\\/lcbruehl.ch\\\/cms\\\/wp-content\\\/uploads\\\/WhatsApp-Image-2026-09-02-at-13.29.32.jpeg\",\"inLanguage\":\"de-CH\"},{\"@type\":\"WebPage\",\"@id\":\"https:\\\/\\\/lcbruehl.ch\\\/cms\\\/lc-bruehl-handball-verstaerkt-den-rueckraum-mit-jelena-knezevic\\\/\",\"url\":\"https:\\\/\\\/lcbruehl.ch\\\/cms\\\/lc-bruehl-handball-verstaerkt-den-rueckraum-mit-jelena-knezevic\\\/\",\"name\":\"LC Br\u00fchl Handball verst\u00e4rkt den R\u00fcckraum mit Jelena Kne\u017eevi\u0107 - LC Br\u00fchl Handball\",\"isPartOf\":{\"@id\":\"https:\\\/\\\/lcbruehl.ch\\\/cms\\\/#website\"},\"primaryImageOfPage\":{\"@id\":\"https:\\\/\\\/lcbruehl.ch\\\/cms\\\/lc-bruehl-handball-verstaerkt-den-rueckraum-mit-jelena-knezevic\\\/#primaryimage\"},\"image\":{\"@id\":\"https:\\\/\\\/lcbruehl.ch\\\/cms\\\/lc-bruehl-handball-verstaerkt-den-rueckraum-mit-jelena-knezevic\\\/#primaryimage\"},\"thumbnailUrl\":\"https:\\\/\\\/lcbruehl.ch\\\/cms\\\/wp-content\\\/uploads\\\/WhatsApp-Image-2026-09-02-at-13.29.32.jpeg\",\"datePublished\":\"2026-09-02T11:30:22+00:00\",\"dateModified\":\"2026-09-02T11:45:39+00:00\",\"breadcrumb\":{\"@id\":\"https:\\\/\\\/lcbruehl.ch\\\/cms\\\/lc-bruehl-handball-verstaerkt-den-rueckraum-mit-jelena-knezevic\\\/#breadcrumb\"},\"inLanguage\":\"de-CH\",\"potentialAction\":[{\"@type\":\"ReadAction\",\"target\":[\"https:\\\/\\\/lcbruehl.ch\\\/cms\\\/lc-bruehl-handball-verstaerkt-den-rueckraum-mit-jelena-knezevic\\\/\"]}]},{\"@type\":\"ImageObject\",\"inLanguage\":\"de-CH\",\"@id\":\"https:\\\/\\\/lcbruehl.ch\\\/cms\\\/lc-bruehl-handball-verstaerkt-den-rueckraum-mit-jelena-knezevic\\\/#primaryimage\",\"url\":\"https:\\\/\\\/lcbruehl.ch\\\/cms\\\/wp-content\\\/uploads\\\/WhatsApp-Image-2026-09-02-at-13.29.32.jpeg\",\"contentUrl\":\"https:\\\/\\\/lcbruehl.ch\\\/cms\\\/wp-content\\\/uploads\\\/WhatsApp-Image-2026-09-02-at-13.29.32.jpeg\",\"width\":2048,\"height\":1365},{\"@type\":\"BreadcrumbList\",\"@id\":\"https:\\\/\\\/lcbruehl.ch\\\/cms\\\/lc-bruehl-handball-verstaerkt-den-rueckraum-mit-jelena-knezevic\\\/#breadcrumb\",\"itemListElement\":[{\"@type\":\"ListItem\",\"position\":1,\"name\":\"Startseite\",\"item\":\"https:\\\/\\\/lcbruehl.ch\\\/cms\\\/\"},{\"@type\":\"ListItem\",\"position\":2,\"name\":\"LC Br\u00fchl Handball verst\u00e4rkt den R\u00fcckraum mit Jelena Kne\u017eevi\u0107\"}]},{\"@type\":\"WebSite\",\"@id\":\"https:\\\/\\\/lcbruehl.ch\\\/cms\\\/#website\",\"url\":\"https:\\\/\\\/lcbruehl.ch\\\/cms\\\/\",\"name\":\"LC Br\u00fchl Handball\",\"description\":\"#gemeinsamErfolgleben\",\"publisher\":{\"@id\":\"https:\\\/\\\/lcbruehl.ch\\\/cms\\\/#organization\"},\"alternateName\":\"#gemeinsamErfolgleben\",\"potentialAction\":[{\"@type\":\"SearchAction\",\"target\":{\"@type\":\"EntryPoint\",\"urlTemplate\":\"https:\\\/\\\/lcbruehl.ch\\\/cms\\\/?s={search_term_string}\"},\"query-input\":{\"@type\":\"PropertyValueSpecification\",\"valueRequired\":true,\"valueName\":\"search_term_string\"}}],\"inLanguage\":\"de-CH\"},{\"@type\":\"Organization\",\"@id\":\"https:\\\/\\\/lcbruehl.ch\\\/cms\\\/#organization\",\"name\":\"LC Br\u00fchl\",\"alternateName\":\"#gemeinsamErfolgleben\",\"url\":\"https:\\\/\\\/lcbruehl.ch\\\/cms\\\/\",\"logo\":{\"@type\":\"ImageObject\",\"inLanguage\":\"de-CH\",\"@id\":\"https:\\\/\\\/lcbruehl.ch\\\/cms\\\/#\\\/schema\\\/logo\\\/image\\\/\",\"url\":\"https:\\\/\\\/lcbruehl.ch\\\/cms\\\/wp-content\\\/uploads\\\/logo-bruehl.png\",\"contentUrl\":\"https:\\\/\\\/lcbruehl.ch\\\/cms\\\/wp-content\\\/uploads\\\/logo-bruehl.png\",\"width\":512,\"height\":512,\"caption\":\"LC Br\u00fchl\"},\"image\":{\"@id\":\"https:\\\/\\\/lcbruehl.ch\\\/cms\\\/#\\\/schema\\\/logo\\\/image\\\/\"},\"sameAs\":[\"https:\\\/\\\/www.facebook.com\\\/lcbruehl\"]},{\"@type\":\"Person\",\"@id\":\"https:\\\/\\\/lcbruehl.ch\\\/cms\\\/#\\\/schema\\\/person\\\/26b406ee418fb797c3a76bc2fbdb7812\",\"name\":\"medienLCB\",\"image\":{\"@type\":\"ImageObject\",\"inLanguage\":\"de-CH\",\"@id\":\"https:\\\/\\\/secure.gravatar.com\\\/avatar\\\/4587351121d0d6c3216041a47202f84b1c10b550d56e20d93c3831b8918bd766?s=96&d=mm&r=g\",\"url\":\"https:\\\/\\\/secure.gravatar.com\\\/avatar\\\/4587351121d0d6c3216041a47202f84b1c10b550d56e20d93c3831b8918bd766?s=96&d=mm&r=g\",\"contentUrl\":\"https:\\\/\\\/secure.gravatar.com\\\/avatar\\\/4587351121d0d6c3216041a47202f84b1c10b550d56e20d93c3831b8918bd766?s=96&d=mm&r=g\",\"caption\":\"medienLCB\"},\"url\":\"https:\\\/\\\/lcbruehl.ch\\\/cms\\\/author\\\/medienlcb\\\/\"}]}<\/script>\n<!-- \/ Yoast SEO plugin. -->","yoast_head_json":{"title":"LC Br\u00fchl Handball verst\u00e4rkt den R\u00fcckraum mit Jelena Kne\u017eevi\u0107 - LC Br\u00fchl Handball","robots":{"index":"index","follow":"follow","max-snippet":"max-snippet:-1","max-image-preview":"max-image-preview:large","max-video-preview":"max-video-preview:-1"},"canonical":"https:\/\/lcbruehl.ch\/cms\/lc-bruehl-handball-verstaerkt-den-rueckraum-mit-jelena-knezevic\/","og_locale":"de_DE","og_type":"article","og_title":"LC Br\u00fchl Handball verst\u00e4rkt den R\u00fcckraum mit Jelena Kne\u017eevi\u0107 - LC Br\u00fchl Handball","og_description":"Der LC Br\u00fchl Handball verst\u00e4rkt sich mit der serbischen R\u00fcckraumspielerin Jelena Kne\u017eevi\u0107. Mit der 28-J\u00e4hrigen gewinnen wir eine international erfahrene [&hellip;]","og_url":"https:\/\/lcbruehl.ch\/cms\/lc-bruehl-handball-verstaerkt-den-rueckraum-mit-jelena-knezevic\/","og_site_name":"LC Br\u00fchl Handball","article_publisher":"https:\/\/www.facebook.com\/lcbruehl","article_published_time":"2026-09-02T11:30:22+00:00","article_modified_time":"2026-09-02T11:45:39+00:00","og_image":[{"width":2048,"height":1365,"url":"https:\/\/lcbruehl.ch\/cms\/wp-content\/uploads\/WhatsApp-Image-2026-09-02-at-13.29.32.jpeg","type":"image\/jpeg"}],"author":"medienLCB","twitter_card":"summary_large_image","twitter_misc":{"Geschrieben von":"medienLCB","Gesch\u00e4tzte Lesezeit":"2\u00a0Minuten"},"schema":{"@context":"https:\/\/schema.org","@graph":[{"@type":"Article","@id":"https:\/\/lcbruehl.ch\/cms\/lc-bruehl-handball-verstaerkt-den-rueckraum-mit-jelena-knezevic\/#article","isPartOf":{"@id":"https:\/\/lcbruehl.ch\/cms\/lc-bruehl-handball-verstaerkt-den-rueckraum-mit-jelena-knezevic\/"},"author":{"name":"medienLCB","@id":"https:\/\/lcbruehl.ch\/cms\/#\/schema\/person\/26b406ee418fb797c3a76bc2fbdb7812"},"headline":"LC Br\u00fchl Handball verst\u00e4rkt den R\u00fcckraum mit Jelena Kne\u017eevi\u0107","datePublished":"2026-09-02T11:30:22+00:00","dateModified":"2026-09-02T11:45:39+00:00","mainEntityOfPage":{"@id":"https:\/\/lcbruehl.ch\/cms\/lc-bruehl-handball-verstaerkt-den-rueckraum-mit-jelena-knezevic\/"},"wordCount":373,"publisher":{"@id":"https:\/\/lcbruehl.ch\/cms\/#organization"},"image":{"@id":"https:\/\/lcbruehl.ch\/cms\/lc-bruehl-handball-verstaerkt-den-rueckraum-mit-jelena-knezevic\/#primaryimage"},"thumbnailUrl":"https:\/\/lcbruehl.ch\/cms\/wp-content\/uploads\/WhatsApp-Image-2026-09-02-at-13.29.32.jpeg","inLanguage":"de-CH"},{"@type":"WebPage","@id":"https:\/\/lcbruehl.ch\/cms\/lc-bruehl-handball-verstaerkt-den-rueckraum-mit-jelena-knezevic\/","url":"https:\/\/lcbruehl.ch\/cms\/lc-bruehl-handball-verstaerkt-den-rueckraum-mit-jelena-knezevic\/","name":"LC Br\u00fchl Handball verst\u00e4rkt den R\u00fcckraum mit Jelena Kne\u017eevi\u0107 - LC Br\u00fchl Handball","isPartOf":{"@id":"https:\/\/lcbruehl.ch\/cms\/#website"},"primaryImageOfPage":{"@id":"https:\/\/lcbruehl.ch\/cms\/lc-bruehl-handball-verstaerkt-den-rueckraum-mit-jelena-knezevic\/#primaryimage"},"image":{"@id":"https:\/\/lcbruehl.ch\/cms\/lc-bruehl-handball-verstaerkt-den-rueckraum-mit-jelena-knezevic\/#primaryimage"},"thumbnailUrl":"https:\/\/lcbruehl.ch\/cms\/wp-content\/uploads\/WhatsApp-Image-2026-09-02-at-13.29.32.jpeg","datePublished":"2026-09-02T11:30:22+00:00","dateModified":"2026-09-02T11:45:39+00:00","breadcrumb":{"@id":"https:\/\/lcbruehl.ch\/cms\/lc-bruehl-handball-verstaerkt-den-rueckraum-mit-jelena-knezevic\/#breadcrumb"},"inLanguage":"de-CH","potentialAction":[{"@type":"ReadAction","target":["https:\/\/lcbruehl.ch\/cms\/lc-bruehl-handball-verstaerkt-den-rueckraum-mit-jelena-knezevic\/"]}]},{"@type":"ImageObject","inLanguage":"de-CH","@id":"https:\/\/lcbruehl.ch\/cms\/lc-bruehl-handball-verstaerkt-den-rueckraum-mit-jelena-knezevic\/#primaryimage","url":"https:\/\/lcbruehl.ch\/cms\/wp-content\/uploads\/WhatsApp-Image-2026-09-02-at-13.29.32.jpeg","contentUrl":"https:\/\/lcbruehl.ch\/cms\/wp-content\/uploads\/WhatsApp-Image-2026-09-02-at-13.29.32.jpeg","width":2048,"height":1365},{"@type":"BreadcrumbList","@id":"https:\/\/lcbruehl.ch\/cms\/lc-bruehl-handball-verstaerkt-den-rueckraum-mit-jelena-knezevic\/#breadcrumb","itemListElement":[{"@type":"ListItem","position":1,"name":"Startseite","item":"https:\/\/lcbruehl.ch\/cms\/"},{"@type":"ListItem","position":2,"name":"LC Br\u00fchl Handball verst\u00e4rkt den R\u00fcckraum mit Jelena Kne\u017eevi\u0107"}]},{"@type":"WebSite","@id":"https:\/\/lcbruehl.ch\/cms\/#website","url":"https:\/\/lcbruehl.ch\/cms\/","name":"LC Br\u00fchl Handball","description":"#gemeinsamErfolgleben","publisher":{"@id":"https:\/\/lcbruehl.ch\/cms\/#organization"},"alternateName":"#gemeinsamErfolgleben","potentialAction":[{"@type":"SearchAction","target":{"@type":"EntryPoint","urlTemplate":"https:\/\/lcbruehl.ch\/cms\/?s={search_term_string}"},"query-input":{"@type":"PropertyValueSpecification","valueRequired":true,"valueName":"search_term_string"}}],"inLanguage":"de-CH"},{"@type":"Organization","@id":"https:\/\/lcbruehl.ch\/cms\/#organization","name":"LC Br\u00fchl","alternateName":"#gemeinsamErfolgleben","url":"https:\/\/lcbruehl.ch\/cms\/","logo":{"@type":"ImageObject","inLanguage":"de-CH","@id":"https:\/\/lcbruehl.ch\/cms\/#\/schema\/logo\/image\/","url":"https:\/\/lcbruehl.ch\/cms\/wp-content\/uploads\/logo-bruehl.png","contentUrl":"https:\/\/lcbruehl.ch\/cms\/wp-content\/uploads\/logo-bruehl.png","width":512,"height":512,"caption":"LC Br\u00fchl"},"image":{"@id":"https:\/\/lcbruehl.ch\/cms\/#\/schema\/logo\/image\/"},"sameAs":["https:\/\/www.facebook.com\/lcbruehl"]},{"@type":"Person","@id":"https:\/\/lcbruehl.ch\/cms\/#\/schema\/person\/26b406ee418fb797c3a76bc2fbdb7812","name":"medienLCB","image":{"@type":"ImageObject","inLanguage":"de-CH","@id":"https:\/\/secure.gravatar.com\/avatar\/4587351121d0d6c3216041a47202f84b1c10b550d56e20d93c3831b8918bd766?s=96&d=mm&r=g","url":"https:\/\/secure.gravatar.com\/avatar\/4587351121d0d6c3216041a47202f84b1c10b550d56e20d93c3831b8918bd766?s=96&d=mm&r=g","contentUrl":"https:\/\/secure.gravatar.com\/avatar\/4587351121d0d6c3216041a47202f84b1c10b550d56e20d93c3831b8918bd766?s=96&d=mm&r=g","caption":"medienLCB"},"url":"https:\/\/lcbruehl.ch\/cms\/author\/medienlcb\/"}]}},"jetpack_featured_media_url":"https:\/\/lcbruehl.ch\/cms\/wp-content\/uploads\/WhatsApp-Image-2026-09-02-at-13.29.32.jpeg","jetpack_sharing_enabled":true,"_links":{"self":[{"href":"https:\/\/lcbruehl.ch\/cms\/wp-json\/wp\/v2\/posts\/16693","targetHints":{"allow":["GET"]}}],"collection":[{"href":"https:\/\/lcbruehl.ch\/cms\/wp-json\/wp\/v2\/posts"}],"about":[{"href":"https:\/\/lcbruehl.ch\/cms\/wp-json\/wp\/v2\/types\/post"}],"author":[{"embeddable":true,"href":"https:\/\/lcbruehl.ch\/cms\/wp-json\/wp\/v2\/users\/2"}],"replies":[{"embeddable":true,"href":"https:\/\/lcbruehl.ch\/cms\/wp-json\/wp\/v2\/comments?post=16693"}],"version-history":[{"count":2,"href":"https:\/\/lcbruehl.ch\/cms\/wp-json\/wp\/v2\/posts\/16693\/revisions"}],"predecessor-version":[{"id":16696,"href":"https:\/\/lcbruehl.ch\/cms\/wp-json\/wp\/v2\/posts\/16693\/revisions\/16696"}],"wp:featuredmedia":[{"embeddable":true,"href":"https:\/\/lcbruehl.ch\/cms\/wp-json\/wp\/v2\/media\/16694"}],"wp:attachment":[{"href":"https:\/\/lcbruehl.ch\/cms\/wp-json\/wp\/v2\/media?parent=16693"}],"wp:term":[{"taxonomy":"category","embeddable":true,"href":"https:\/\/lcbruehl.ch\/cms\/wp-json\/wp\/v2\/categories?post=16693"},{"taxonomy":"post_tag","embeddable":true,"href":"https:\/\/lcbruehl.ch\/cms\/wp-json\/wp\/v2\/tags?post=16693"}],"curies":[{"name":"wp","href":"https:\/\/api.w.org\/{rel}","templated":true}]}}